{"id":299,"date":"2023-06-05T21:44:11","date_gmt":"2023-06-05T21:44:11","guid":{"rendered":"https:\/\/ieeechile.cl\/dec0\/?p=299"},"modified":"2024-10-11T20:52:44","modified_gmt":"2024-10-11T20:52:44","slug":"ieee-young-professionals-chile-centro","status":"publish","type":"post","link":"https:\/\/ieeechile.cl\/dec0\/ieee-young-professionals-chile-centro\/","title":{"rendered":"IEEE Young Professionals Chile Centro"},"content":{"rendered":"<p>(Para mayor detalle sobre las unidades organizacionales geogr\u00e1ficas como Grupos de Afinidad, <a href=\"https:\/\/mga.ieee.org\/resources-operations\/geographic-unit\/affinity-groups\" rel=\"noopener\" target=\"_blank\">visite ac\u00e1<\/a>).<\/p>\n<p><img decoding=\"async\" src=\"https:\/\/ieeechile.cl\/dec0\/wp-content\/uploads\/2023\/06\/yp.png\" alt=\"IEEE Young Professionals Chile Centro\" height=\"160\"\/><\/p>\n<table>\n<tr>\n<th>Cap\u00edtulo T\u00e9cnico<\/th>\n<th>Presidente<\/th>\n<th>Periodo<\/th>\n<th>Correo<\/th>\n<\/tr>\n<tr>\n<td>Young Professionals Chile Centro<\/td>\n<td>Pablo Palacios<\/td>\n<td>Ene. 2024 &#8211; Dic. 2025<\/td>\n<td>yp.centro@ieeechile.cl<\/td>\n<\/tr>\n<\/table>\n<p>El programa de Profesionales J\u00f3venes (YP) de IEEE fue creado para satisfacer las necesidades de graduados recientes y profesionales en los primeros a\u00f1os de su carrera en el mundo tecnol\u00f3gico. Cualquier miembro de IEEE que se haya graduado de su primer t\u00edtulo universitario en los \u00faltimos 15 a\u00f1os se convierte autom\u00e1ticamente en miembro de Profesionales J\u00f3venes. Dado que el programa abarca desde graduados universitarios recientes hasta profesionales experimentados y emprendedores, el grupo es altamente diverso en lo que tiene para ofrecer.<\/p>\n<p>Sitio de IEEE Young Professionals <a href=\"https:\/\/yp.ieee.org\/\" rel=\"noopener\" target=\"_blank\">disponible ac\u00e1<\/a>.<\/p>\n","protected":false},"excerpt":{"rendered":"<p>(Para mayor detalle sobre las unidades organizacionales geogr\u00e1ficas como Grupos de Afinidad, visite ac\u00e1). Cap\u00edtulo T\u00e9cnico Presidente Periodo Correo Young Professionals Chile Centro Pablo Palacios Ene. 2024 &#8211; Dic. 2025 yp.centro@ieeechile.cl El programa de Profesionales J\u00f3venes (YP) de IEEE fue creado para satisfacer las necesidades de graduados recientes y profesionales en los primeros a\u00f1os de&hellip; <br \/> <a class=\"read-more\" href=\"https:\/\/ieeechile.cl\/dec0\/ieee-young-professionals-chile-centro\/\">Leer m\u00e1s<\/a><\/p>\n","protected":false},"author":1,"featured_media":0,"comment_status":"closed","ping_status":"open","sticky":false,"template":"","format":"standard","meta":{"footnotes":""},"categories":[1],"tags":[],"class_list":["post-299","post","type-post","status-publish","format-standard","hentry","category-uncategorized"],"_links":{"self":[{"href":"https:\/\/ieeechile.cl\/dec0\/wp-json\/wp\/v2\/posts\/299","targetHints":{"allow":["GET"]}}],"collection":[{"href":"https:\/\/ieeechile.cl\/dec0\/wp-json\/wp\/v2\/posts"}],"about":[{"href":"https:\/\/ieeechile.cl\/dec0\/wp-json\/wp\/v2\/types\/post"}],"author":[{"embeddable":true,"href":"https:\/\/ieeechile.cl\/dec0\/wp-json\/wp\/v2\/users\/1"}],"replies":[{"embeddable":true,"href":"https:\/\/ieeechile.cl\/dec0\/wp-json\/wp\/v2\/comments?post=299"}],"version-history":[{"count":2,"href":"https:\/\/ieeechile.cl\/dec0\/wp-json\/wp\/v2\/posts\/299\/revisions"}],"predecessor-version":[{"id":477,"href":"https:\/\/ieeechile.cl\/dec0\/wp-json\/wp\/v2\/posts\/299\/revisions\/477"}],"wp:attachment":[{"href":"https:\/\/ieeechile.cl\/dec0\/wp-json\/wp\/v2\/media?parent=299"}],"wp:term":[{"taxonomy":"category","embeddable":true,"href":"https:\/\/ieeechile.cl\/dec0\/wp-json\/wp\/v2\/categories?post=299"},{"taxonomy":"post_tag","embeddable":true,"href":"https:\/\/ieeechile.cl\/dec0\/wp-json\/wp\/v2\/tags?post=299"}],"curies":[{"name":"wp","href":"https:\/\/api.w.org\/{rel}","templated":true}]}}